{"id":1639,"date":"2021-05-18T19:22:28","date_gmt":"2021-05-18T17:22:28","guid":{"rendered":"http:\/\/odyssee-aquavel.bzh\/?p=1639"},"modified":"2021-05-18T19:24:12","modified_gmt":"2021-05-18T17:24:12","slug":"depart-pour-la-transat-retour-vers-les-acores","status":"publish","type":"post","link":"http:\/\/odyssee-aquavel.bzh\/index.php\/2021\/05\/18\/depart-pour-la-transat-retour-vers-les-acores\/","title":{"rendered":"D\u00e9part pour la transat retour vers les A\u00e7ores"},"content":{"rendered":"\n<p>Apr\u00e8s 4 mois et demi dans les Antilles &#8230; c&#8217;est l&#8217;heure du d\u00e9part !<\/p>\n\n\n\n<p>Nous quittons la chaleur, l&#8217;eau turquoise \u00e0 28\u00b0, l&#8217;ambiance carib\u00e9enne et les bateaux copains avec un peu de nostalgie &#8230; mais heureux de reprendre la mer et de revoir bient\u00f4t la famille et les copains \ud83d\ude42<\/p>\n\n\n\n<p>Nous avons bien profit\u00e9 des enfants, des paysages, des rencontres et d\u00e9laiss\u00e9 un peu notre blog &#8230; d\u00e9sol\u00e9 \ud83d\ude09<\/p>\n\n\n\n<p>Entre 20 jours et 25 jours de mer nous attendent &#8230; c&#8217;est parti &#8230; on largue les amarres ! A tr\u00e8s vite<\/p>\n","protected":false},"excerpt":{"rendered":"<p>Apr\u00e8s 4 mois et demi dans les Antilles &#8230; c&#8217;est l&#8217;heure du d\u00e9part ! Nous quittons la chaleur, l&#8217;eau turquoise \u00e0 28\u00b0, l&#8217;ambiance carib\u00e9enne et les bateaux copains avec un <a href=\"http:\/\/odyssee-aquavel.bzh\/index.php\/2021\/05\/18\/depart-pour-la-transat-retour-vers-les-acores\/\" class=\"read-more button-fancy -red\"><span class=\"btn-arrow\"><\/span><span class=\"twp-read-more text\">Continue Reading<\/span><\/a><\/p>\n","protected":false},"author":1,"featured_media":0,"comment_status":"open","ping_status":"closed","sticky":false,"template":"","format":"standard","meta":[],"categories":[2],"tags":[],"yoast_head":"<!-- This site is optimized with the Yoast SEO plugin v14.9 - https:\/\/yoast.com\/wordpress\/plugins\/seo\/ -->\n<title>D\u00e9part pour la transat retour vers les A\u00e7ores - ODYSSEE AQUAVEL<\/title>\n<meta name=\"robots\" content=\"index, follow, max-snippet:-1, max-image-preview:large, max-video-preview:-1\" \/>\n<link rel=\"canonical\" href=\"http:\/\/odyssee-aquavel.bzh\/index.php\/2021\/05\/18\/depart-pour-la-transat-retour-vers-les-acores\/\" \/>\n<meta property=\"og:locale\" content=\"en_US\" \/>\n<meta property=\"og:type\" content=\"article\" \/>\n<meta property=\"og:title\" content=\"D\u00e9part pour la transat retour vers les A\u00e7ores - ODYSSEE AQUAVEL\" \/>\n<meta property=\"og:description\" content=\"Apr\u00e8s 4 mois et demi dans les Antilles &#8230; c&#8217;est l&#8217;heure du d\u00e9part ! Nous quittons la chaleur, l&#8217;eau turquoise \u00e0 28\u00b0, l&#8217;ambiance carib\u00e9enne et les bateaux copains avec un Continue Reading\" \/>\n<meta property=\"og:url\" content=\"http:\/\/odyssee-aquavel.bzh\/index.php\/2021\/05\/18\/depart-pour-la-transat-retour-vers-les-acores\/\" \/>\n<meta property=\"og:site_name\" content=\"ODYSSEE AQUAVEL\" \/>\n<meta property=\"article:published_time\" content=\"2021-05-18T17:22:28+00:00\" \/>\n<meta property=\"article:modified_time\" content=\"2021-05-18T17:24:12+00:00\" \/>\n<meta name=\"twitter:card\" content=\"summary_large_image\" \/>\n<script type=\"application\/ld+json\" class=\"yoast-schema-graph\">{\"@context\":\"https:\/\/schema.org\",\"@graph\":[{\"@type\":\"WebSite\",\"@id\":\"http:\/\/odyssee-aquavel.bzh\/#website\",\"url\":\"http:\/\/odyssee-aquavel.bzh\/\",\"name\":\"ODYSSEE AQUAVEL\",\"description\":\"\",\"potentialAction\":[{\"@type\":\"SearchAction\",\"target\":\"http:\/\/odyssee-aquavel.bzh\/?s={search_term_string}\",\"query-input\":\"required name=search_term_string\"}],\"inLanguage\":\"en-US\"},{\"@type\":\"WebPage\",\"@id\":\"http:\/\/odyssee-aquavel.bzh\/index.php\/2021\/05\/18\/depart-pour-la-transat-retour-vers-les-acores\/#webpage\",\"url\":\"http:\/\/odyssee-aquavel.bzh\/index.php\/2021\/05\/18\/depart-pour-la-transat-retour-vers-les-acores\/\",\"name\":\"D\\u00e9part pour la transat retour vers les A\\u00e7ores - ODYSSEE AQUAVEL\",\"isPartOf\":{\"@id\":\"http:\/\/odyssee-aquavel.bzh\/#website\"},\"datePublished\":\"2021-05-18T17:22:28+00:00\",\"dateModified\":\"2021-05-18T17:24:12+00:00\",\"author\":{\"@id\":\"http:\/\/odyssee-aquavel.bzh\/#\/schema\/person\/8afeee93383d62f69262334f676f5bea\"},\"inLanguage\":\"en-US\",\"potentialAction\":[{\"@type\":\"ReadAction\",\"target\":[\"http:\/\/odyssee-aquavel.bzh\/index.php\/2021\/05\/18\/depart-pour-la-transat-retour-vers-les-acores\/\"]}]},{\"@type\":\"Person\",\"@id\":\"http:\/\/odyssee-aquavel.bzh\/#\/schema\/person\/8afeee93383d62f69262334f676f5bea\",\"name\":\"Lucie\",\"image\":{\"@type\":\"ImageObject\",\"@id\":\"http:\/\/odyssee-aquavel.bzh\/#personlogo\",\"inLanguage\":\"en-US\",\"url\":\"http:\/\/2.gravatar.com\/avatar\/219af83d3aa8a086044dd2c14e71f655?s=96&d=mm&r=g\",\"caption\":\"Lucie\"}}]}<\/script>\n<!-- \/ Yoast SEO plugin. -->","_links":{"self":[{"href":"http:\/\/odyssee-aquavel.bzh\/index.php\/wp-json\/wp\/v2\/posts\/1639"}],"collection":[{"href":"http:\/\/odyssee-aquavel.bzh\/index.php\/wp-json\/wp\/v2\/posts"}],"about":[{"href":"http:\/\/odyssee-aquavel.bzh\/index.php\/wp-json\/wp\/v2\/types\/post"}],"author":[{"embeddable":true,"href":"http:\/\/odyssee-aquavel.bzh\/index.php\/wp-json\/wp\/v2\/users\/1"}],"replies":[{"embeddable":true,"href":"http:\/\/odyssee-aquavel.bzh\/index.php\/wp-json\/wp\/v2\/comments?post=1639"}],"version-history":[{"count":5,"href":"http:\/\/odyssee-aquavel.bzh\/index.php\/wp-json\/wp\/v2\/posts\/1639\/revisions"}],"predecessor-version":[{"id":1645,"href":"http:\/\/odyssee-aquavel.bzh\/index.php\/wp-json\/wp\/v2\/posts\/1639\/revisions\/1645"}],"wp:attachment":[{"href":"http:\/\/odyssee-aquavel.bzh\/index.php\/wp-json\/wp\/v2\/media?parent=1639"}],"wp:term":[{"taxonomy":"category","embeddable":true,"href":"http:\/\/odyssee-aquavel.bzh\/index.php\/wp-json\/wp\/v2\/categories?post=1639"},{"taxonomy":"post_tag","embeddable":true,"href":"http:\/\/odyssee-aquavel.bzh\/index.php\/wp-json\/wp\/v2\/tags?post=1639"}],"curies":[{"name":"wp","href":"https:\/\/api.w.org\/{rel}","templated":true}]}}